{"id":18,"date":"2005-09-11T17:33:04","date_gmt":"2005-09-11T14:33:04","guid":{"rendered":"http:\/\/www.pianored.com\/musica\/?p=18"},"modified":"2005-09-11T17:35:52","modified_gmt":"2005-09-11T14:35:52","slug":"miranda-no-pudo-tocar-en-chile","status":"publish","type":"post","link":"https:\/\/www.pianored.com\/musica\/2005\/09\/11\/miranda-no-pudo-tocar-en-chile\/","title":{"rendered":"Miranda no pudo tocar en Chile"},"content":{"rendered":"<div class=\"c3702d70e88f95b50cc746ca01920713\" data-index=\"1\" style=\"float: left; margin: 10px 10px 10px 0;\">\n<script async src=\"https:\/\/pagead2.googlesyndication.com\/pagead\/js\/adsbygoogle.js?client=ca-pub-9879027205165433\"\r\n     crossorigin=\"anonymous\"><\/script>\r\n<ins class=\"adsbygoogle\"\r\n     style=\"display:inline-block;width:300px;height:250px\"\r\n     data-ad-client=\"ca-pub-9879027205165433\"\r\n     data-ad-slot=\"5235148893\"><\/ins>\r\n<script>\r\n     (adsbygoogle = window.adsbygoogle || []).push({});\r\n<\/script>\r\n\n<\/div>\n<p>El grupo de m\u00fasica pop de origen argentino Miranda! no pudo presentarse el la televisi\u00f3n chilena porque una persona llamada Santander Cuadra posee registros de derecho de autor sobre el nombre Miranda.<br \/>\n<center><img decoding=\"async\" src=\"http:\/\/www.pianored.com\/musica\/images\/miranda.JPG\" alt=\"miranda\" border=\"0\" \/><\/center><br \/>\nDe cualquier manera, el grupo coment\u00f3 que se presentar\u00e1n como teloneros del grupo Moby. El grupo igualmente realiz\u00f3 una presentaci\u00f3n legal de amparo para que la medida que les impide ir a la televisi\u00f3n quede sin efecto.<\/p>\n<p><!--adsense--><\/p>\n\n<div style=\"font-size: 0px; height: 0px; line-height: 0px; margin: 0; padding: 0; clear: both;\"><\/div>","protected":false},"excerpt":{"rendered":"<p>El grupo de m\u00fasica pop de origen argentino Miranda! no pudo presentarse el la televisi\u00f3n chilena porque una persona llamada Santander Cuadra posee registros de derecho de autor sobre el nombre Miranda. De cualquier manera, el grupo coment\u00f3 que se presentar\u00e1n como teloneros del grupo Moby. El grupo igualmente realiz\u00f3 una presentaci\u00f3n legal de amparo [&hellip;]<\/p>\n","protected":false},"author":1,"featured_media":0,"comment_status":"open","ping_status":"open","sticky":false,"template":"","format":"standard","meta":{"footnotes":"","tve_updated_post":"","tve_custom_css":"","tve_user_custom_css":"","tve_globals":{},"tcb2_ready":0,"tcb_editor_enabled":0,"tve_landing_page":"","_tve_header":"","_tve_footer":""},"categories":[4],"tags":[],"class_list":["post-18","post","type-post","status-publish","format-standard","hentry","category-general","post-wrapper","thrv_wrapper"],"_links":{"self":[{"href":"https:\/\/www.pianored.com\/musica\/wp-json\/wp\/v2\/posts\/18","targetHints":{"allow":["GET"]}}],"collection":[{"href":"https:\/\/www.pianored.com\/musica\/wp-json\/wp\/v2\/posts"}],"about":[{"href":"https:\/\/www.pianored.com\/musica\/wp-json\/wp\/v2\/types\/post"}],"author":[{"embeddable":true,"href":"https:\/\/www.pianored.com\/musica\/wp-json\/wp\/v2\/users\/1"}],"replies":[{"embeddable":true,"href":"https:\/\/www.pianored.com\/musica\/wp-json\/wp\/v2\/comments?post=18"}],"version-history":[{"count":0,"href":"https:\/\/www.pianored.com\/musica\/wp-json\/wp\/v2\/posts\/18\/revisions"}],"wp:attachment":[{"href":"https:\/\/www.pianored.com\/musica\/wp-json\/wp\/v2\/media?parent=18"}],"wp:term":[{"taxonomy":"category","embeddable":true,"href":"https:\/\/www.pianored.com\/musica\/wp-json\/wp\/v2\/categories?post=18"},{"taxonomy":"post_tag","embeddable":true,"href":"https:\/\/www.pianored.com\/musica\/wp-json\/wp\/v2\/tags?post=18"}],"curies":[{"name":"wp","href":"https:\/\/api.w.org\/{rel}","templated":true}]}}