{"id":107,"date":"2007-01-01T21:28:10","date_gmt":"2007-01-01T18:28:10","guid":{"rendered":"http:\/\/www.pianored.com\/musica\/?p=107"},"modified":"2007-01-01T21:28:29","modified_gmt":"2007-01-01T18:28:29","slug":"elizabeth-caballero-una-nueva-estrella-de-la-opera","status":"publish","type":"post","link":"https:\/\/www.pianored.com\/musica\/2007\/01\/01\/elizabeth-caballero-una-nueva-estrella-de-la-opera\/","title":{"rendered":"Elizabeth Caballero: una nueva estrella de la \u00f3pera"},"content":{"rendered":"<div class=\"c3702d70e88f95b50cc746ca01920713\" data-index=\"1\" style=\"float: left; margin: 10px 10px 10px 0;\">\n<script async src=\"https:\/\/pagead2.googlesyndication.com\/pagead\/js\/adsbygoogle.js?client=ca-pub-9879027205165433\"\r\n     crossorigin=\"anonymous\"><\/script>\r\n<ins class=\"adsbygoogle\"\r\n     style=\"display:inline-block;width:300px;height:250px\"\r\n     data-ad-client=\"ca-pub-9879027205165433\"\r\n     data-ad-slot=\"5235148893\"><\/ins>\r\n<script>\r\n     (adsbygoogle = window.adsbygoogle || []).push({});\r\n<\/script>\r\n\n<\/div>\n<p>En el verano de 1989, con seis a\u00f1os de edad <a href=\"http:\/\/www.elizabethcaballero.com\" target=\"_blank\" rel=\"noopener\">Elizabeth Caballero<\/a> fue una de los 124.000 cubanos refugiados en cruzar el estrecho de Florida durante el Mariel Boat Lift. Despu\u00e9s de m\u00e1s de 20 a\u00f1os, Elizabeth encontr\u00f3 su propio lugar como una de las m\u00e1s j\u00f3venes estrellas de levantamiento de la <a href=\"http:\/\/www.pianomundo.com.ar\/operas\/\" target=\"_blank\" rel=\"noopener\">\u00f3pera<\/a>. Caballero, una soprano l\u00edrica, es una graduada de la Florida Grand Opera\u00b4s Young Artist Program y una finalista nacional de la <a href=\"http:\/\/www.metopera.org\/\" target=\"_blank\" rel=\"noopener\">Metropolitan Opera<\/a>. Fue esta actuaci\u00f3n la que hizo que el The New York Times la nombrara como una \u201cpromesa\u201d hace unos pocos a\u00f1os. Ella tiene un total de cuatro primeros premios en varias competiciones de l\u00edrica y canto.<\/p>\n<p>\u201cEn todos los lugares en los que he tocado siempre hubo un <a href=\"http:\/\/www.pianored.com\/pianos-yamaha.html\">piano Yamaha<\/a> a mi lado\u201d, relataba Caballero, y a veces la acompa\u00f1aba en los ensayos. \u201cYo pienso que son geniales. Hay una gran diferencia en la calidad del sonido entre los pianos Yamaha y los dem\u00e1s. Y al tocarlo es tan confortable; puedo sentir la diferencia\u201d. Elizabeth se encuentra pasando el verano actuando en Fiordiligi en Cosi fan tutte y The Nurse Sister en Suor Ang\u00e9lica en el programa The San Francisco Opera\u00b4s Merola para perfeccionar artistas j\u00f3venes. Cuando culmin\u00f3 su tarea all\u00ed, se uni\u00f3 a las compa\u00f1\u00eda Western Opera Tour y despu\u00e9s viaj\u00f3 a Guatemala para actuar en La Bohem.<br \/>\n<center><img decoding=\"async\" src=\"http:\/\/www.pianored.com\/musica\/images\/caballerocarmen.jpg\" alt=\"Elizabeth Caballero en Carmen\" border=\"0\" \/><br \/>\n<strong>Caballero vestida para representar su papel en \u00abCarmen\u00bb<\/strong><\/center><br \/>\nCaballero nunca so\u00f1\u00f3 con la opera desde peque\u00f1a: \u201cCuando me gradu\u00e9 de la secundaria, no ten\u00eda idea de lo que quer\u00eda estudiar\u201d, ella admiti\u00f3. \u201cYo nunca tom\u00e9 lecciones de canto, pero siempre cantaba en el coro de la iglesia, y siempre hac\u00eda los solos.\u201d Cuando en su secundaria gan\u00f3 una beca para Miami-Dade Community College, el Dr. Beverly Coulter pidi\u00f3 una audici\u00f3n con Elizabeth por el consejo que le di\u00f3 un core\u00f3grafo de la secundaria. \u201cMi primera aria fue Quando Me\u00b4n Vo\u00b4solleta de La Boheme\u201d, record\u00f3 Elizabeth. \u201cEn mi casa nunca escuch\u00e1bamos \u00f3pera, y ese fue el primer aria que cant\u00e9. Yo b\u00e1sicamente hac\u00eda divertido lo que una cantante de \u00f3pera quer\u00eda que suene perfecto, y me dijeron: sabes que hacer eso no est\u00e1 nada mal\u201d.<br \/>\n<center><object width=\"425\" height=\"350\"><param name=\"movie\" value=\"http:\/\/www.youtube.com\/v\/pjDpBeIxhjk\"><\/param><param name=\"wmode\" value=\"transparent\"><\/param><embed src=\"http:\/\/www.youtube.com\/v\/pjDpBeIxhjk\" type=\"application\/x-shockwave-flash\" wmode=\"transparent\" width=\"425\" height=\"350\"><\/embed><\/object><br \/>\n<strong>Pavarotti, su mentor, canta el Ave Mar\u00eda<\/strong><\/center><br \/>\nEl padre de Caballero le dio una solicitud para la Competici\u00f3n Internacional de Voz de Luciano Pavarotti, que se estaba haciendo cerca. \u201cPavarotti me escuch\u00f3, y ten\u00eda todo el camino libre para llegar a la final\u201d, dijo Elizabeth. \u201cLuciano me dijo que era como un diamante que necesitaba ser pulido. Fue hermoso, pens\u00e9, si \u00e9l verdaderamento piensa que ya lo tengo ganado, \u00bfpor que no darme una oportunidad?\u201d. Elizabeth sigui\u00f3 cantando en The Community College, transferida a la Universidad de Miami donde se gradu\u00f3 en 1999, e inmediatamente se uni\u00f3 al Programa de J\u00f3venes Artistas en la Florida Gran Opera. \u201cAll\u00ed, tengo que cantar en el rol principal, Mica\u00ebla de Carmen. Tengo que trabajar con Diana Soviero y Bernard Uzan. Ser\u00e1 una experiencia emocionante\u201d. \u201cYo solo quiero hacer mi vida feliz cantando\u201d, concluy\u00f3 Elizabeth. \u201cme da igual si es en Hialeah, en Met \u00f3 en La Scala\u201d. <!--adsense#468x60sab--><\/p>\n\n<div style=\"font-size: 0px; height: 0px; line-height: 0px; margin: 0; padding: 0; clear: both;\"><\/div>","protected":false},"excerpt":{"rendered":"<p>En el verano de 1989, con seis a\u00f1os de edad Elizabeth Caballero fue una de los 124.000 cubanos refugiados en cruzar el estrecho de Florida durante el Mariel Boat Lift. Despu\u00e9s de m\u00e1s de 20 a\u00f1os, Elizabeth encontr\u00f3 su propio lugar como una de las m\u00e1s j\u00f3venes estrellas de levantamiento de la \u00f3pera. Caballero, una [&hellip;]<\/p>\n","protected":false},"author":1,"featured_media":0,"comment_status":"open","ping_status":"open","sticky":false,"template":"","format":"standard","meta":{"footnotes":"","tve_updated_post":"","tve_custom_css":"","tve_user_custom_css":"","tve_globals":{},"tcb2_ready":0,"tcb_editor_enabled":0,"tve_landing_page":"","_tve_header":"","_tve_footer":""},"categories":[6],"tags":[],"class_list":["post-107","post","type-post","status-publish","format-standard","hentry","category-musica-clasica","post-wrapper","thrv_wrapper"],"_links":{"self":[{"href":"https:\/\/www.pianored.com\/musica\/wp-json\/wp\/v2\/posts\/107","targetHints":{"allow":["GET"]}}],"collection":[{"href":"https:\/\/www.pianored.com\/musica\/wp-json\/wp\/v2\/posts"}],"about":[{"href":"https:\/\/www.pianored.com\/musica\/wp-json\/wp\/v2\/types\/post"}],"author":[{"embeddable":true,"href":"https:\/\/www.pianored.com\/musica\/wp-json\/wp\/v2\/users\/1"}],"replies":[{"embeddable":true,"href":"https:\/\/www.pianored.com\/musica\/wp-json\/wp\/v2\/comments?post=107"}],"version-history":[{"count":0,"href":"https:\/\/www.pianored.com\/musica\/wp-json\/wp\/v2\/posts\/107\/revisions"}],"wp:attachment":[{"href":"https:\/\/www.pianored.com\/musica\/wp-json\/wp\/v2\/media?parent=107"}],"wp:term":[{"taxonomy":"category","embeddable":true,"href":"https:\/\/www.pianored.com\/musica\/wp-json\/wp\/v2\/categories?post=107"},{"taxonomy":"post_tag","embeddable":true,"href":"https:\/\/www.pianored.com\/musica\/wp-json\/wp\/v2\/tags?post=107"}],"curies":[{"name":"wp","href":"https:\/\/api.w.org\/{rel}","templated":true}]}}